{"id":9296,"date":"2026-03-23T16:11:07","date_gmt":"2026-03-23T16:11:07","guid":{"rendered":"https:\/\/municipiodebalao.gob.ec\/?p=9296"},"modified":"2026-03-24T16:34:17","modified_gmt":"2026-03-24T16:34:17","slug":"dragado-del-rio-cana","status":"publish","type":"post","link":"https:\/\/municipiodebalao.gob.ec\/index.php\/2026\/03\/23\/dragado-del-rio-cana\/","title":{"rendered":"\ud83d\udc77\u200d\u2642\ufe0f Dragado del Rio Ca\u00f1a \ud83d\udea7"},"content":{"rendered":"<p>Gracias a la gesti\u00f3n de nuestra alcaldesa, se logr\u00f3 contar con la maquinaria de la <a href=\"https:\/\/www.facebook.com\/PrefecturaDelGuayas\" target=\"_blank\" rel=\"noopener\"><span style=\"color: #0000ff;\"><strong>Prefectura del Guayas<\/strong><\/span><\/a> para realizar el dragado del r\u00edo Ca\u00f1a, una acci\u00f3n importante para prevenir afectaciones y proteger a nuestras comunidades\ud83d\udcaa<\/p>\n<p><a href=\"https:\/\/www.facebook.com\/share\/r\/1DA2nJbwbU\/\" target=\"_blank\" rel=\"noopener\">https:\/\/www.facebook.com\/share\/r\/1DA2nJbwbU\/<\/a><\/p>\n<p><a href=\"https:\/\/municipiodebalao.gob.ec\/index.php\/2026\/03\/23\/dragado-del-rio-cana\/opera-instantanea_2026-03-24_111622_www-facebook-com\/\" rel=\"attachment wp-att-9297\"><img fetchpriority=\"high\" decoding=\"async\" class=\"alignnone size-full wp-image-9297\" src=\"https:\/\/municipiodebalao.gob.ec\/wp-content\/uploads\/2026\/03\/Opera-Instantanea_2026-03-24_111622_www.facebook.com_.png\" alt=\"\" width=\"288\" height=\"455\" srcset=\"https:\/\/municipiodebalao.gob.ec\/wp-content\/uploads\/2026\/03\/Opera-Instantanea_2026-03-24_111622_www.facebook.com_.png 288w, https:\/\/municipiodebalao.gob.ec\/wp-content\/uploads\/2026\/03\/Opera-Instantanea_2026-03-24_111622_www.facebook.com_-190x300.png 190w\" sizes=\"(max-width: 288px) 100vw, 288px\" \/><\/a><\/p>\n\n\n<p><\/p>\n","protected":false},"excerpt":{"rendered":"<p>Dragado del Rio Ca\u00f1a<\/p>\n","protected":false},"author":2,"featured_media":9306,"comment_status":"open","ping_status":"open","sticky":false,"template":"","format":"standard","meta":{"footnotes":""},"categories":[3],"tags":[44,49,48,38],"class_list":["post-9296","post","type-post","status-publish","format-standard","has-post-thumbnail","hentry","category-planing","tag-gestionqueavanza","tag-prefecturadelguayas","tag-riocana","tag-sandygomezprimeraalcaldelsa"],"_links":{"self":[{"href":"https:\/\/municipiodebalao.gob.ec\/index.php\/wp-json\/wp\/v2\/posts\/9296","targetHints":{"allow":["GET"]}}],"collection":[{"href":"https:\/\/municipiodebalao.gob.ec\/index.php\/wp-json\/wp\/v2\/posts"}],"about":[{"href":"https:\/\/municipiodebalao.gob.ec\/index.php\/wp-json\/wp\/v2\/types\/post"}],"author":[{"embeddable":true,"href":"https:\/\/municipiodebalao.gob.ec\/index.php\/wp-json\/wp\/v2\/users\/2"}],"replies":[{"embeddable":true,"href":"https:\/\/municipiodebalao.gob.ec\/index.php\/wp-json\/wp\/v2\/comments?post=9296"}],"version-history":[{"count":4,"href":"https:\/\/municipiodebalao.gob.ec\/index.php\/wp-json\/wp\/v2\/posts\/9296\/revisions"}],"predecessor-version":[{"id":9303,"href":"https:\/\/municipiodebalao.gob.ec\/index.php\/wp-json\/wp\/v2\/posts\/9296\/revisions\/9303"}],"wp:featuredmedia":[{"embeddable":true,"href":"https:\/\/municipiodebalao.gob.ec\/index.php\/wp-json\/wp\/v2\/media\/9306"}],"wp:attachment":[{"href":"https:\/\/municipiodebalao.gob.ec\/index.php\/wp-json\/wp\/v2\/media?parent=9296"}],"wp:term":[{"taxonomy":"category","embeddable":true,"href":"https:\/\/municipiodebalao.gob.ec\/index.php\/wp-json\/wp\/v2\/categories?post=9296"},{"taxonomy":"post_tag","embeddable":true,"href":"https:\/\/municipiodebalao.gob.ec\/index.php\/wp-json\/wp\/v2\/tags?post=9296"}],"curies":[{"name":"wp","href":"https:\/\/api.w.org\/{rel}","templated":true}]}}